{"id":50152,"date":"2010-09-23T12:00:30","date_gmt":"2010-09-23T12:00:30","guid":{"rendered":"https:\/\/scenaamadeo.hr\/wordpress\/index.php\/2010\/09\/23\/petak-02-09-2005-koncert-donna-lee-kvartet-saksofona\/"},"modified":"2010-09-23T12:00:30","modified_gmt":"2010-09-23T12:00:30","slug":"petak-02-09-2005-koncert-donna-lee-kvartet-saksofona","status":"publish","type":"post","link":"https:\/\/scenaamadeo.hr\/wordpress\/index.php\/2010\/09\/23\/petak-02-09-2005-koncert-donna-lee-kvartet-saksofona\/","title":{"rendered":"Petak, 02.09.2005. \/koncert\/ Donna Lee kvartet saksofona"},"content":{"rendered":"<p><strong><img loading=\"lazy\" decoding=\"async\" class=\" alignleft size-full wp-image-50151\" style=\"margin-right: 40px; float: left;\" alt=\"donnalee\" src=\"https:\/\/scenaamadeo.hr\/wordpress\/wp-content\/uploads\/Arhiva2005\/donnalee-d86.jpg\" width=\"310\" height=\"202\" srcset=\"https:\/\/scenaamadeo.hr\/wordpress\/wp-content\/uploads\/Arhiva2005\/donnalee-d86.jpg 310w, https:\/\/scenaamadeo.hr\/wordpress\/wp-content\/uploads\/Arhiva2005\/donnalee-d86-300x195.jpg 300w\" sizes=\"auto, (max-width: 310px) 100vw, 310px\" \/>Nastupaju:<\/strong>\u00a0\u00a0\u00a0\u00a0\u00a0\u00a0\u00a0\u00a0\u00a0\u00a0\u00a0\u00a0\u00a0\u00a0\u00a0\u00a0\u00a0\u00a0\u00a0\u00a0\u00a0\u00a0\u00a0\u00a0\u00a0\u00a0\u00a0\u00a0\u00a0\u00a0\u00a0\u00a0\u00a0\u00a0\u00a0\u00a0\u00a0\u00a0\u00a0\u00a0\u00a0\u00a0\u00a0\u00a0\u00a0\u00a0\u00a0\u00a0\u00a0\u00a0\u00a0\u00a0\u00a0\u00a0\u00a0\u00a0\u00a0\u00a0<\/p>\n<p>Z. Ivanu\u0161i\u0107, alt sax i sopran sax; A. Henigman, alt sax;<\/p>\n<p>V. Ilekovi\u0107, tenor sax; A. Su\u0161a, bariton sax<\/p>\n<p>\u00a0<\/p>\n<p><strong>Vi\u0161e o:<\/strong><\/p>\n<p><a href=\"http:\/\/www.donnaleesax4.net\/hr\/\">Donna Lee Kvartet Saksofona<\/a><\/p>\n","protected":false},"excerpt":{"rendered":"<p>Nastupaju:\u00a0\u00a0\u00a0\u00a0\u00a0\u00a0\u00a0\u00a0\u00a0\u00a0\u00a0\u00a0\u00a0\u00a0\u00a0\u00a0\u00a0\u00a0\u00a0\u00a0\u00a0\u00a0\u00a0\u00a0\u00a0\u00a0\u00a0\u00a0\u00a0\u00a0\u00a0\u00a0\u00a0\u00a0\u00a0\u00a0\u00a0\u00a0\u00a0\u00a0\u00a0\u00a0\u00a0\u00a0\u00a0\u00a0\u00a0\u00a0\u00a0\u00a0\u00a0\u00a0\u00a0\u00a0\u00a0\u00a0\u00a0\u00a0 Z. Ivanu\u0161i\u0107, alt sax i sopran sax; A. Henigman, alt sax; V. Ilekovi\u0107, tenor sax; A. Su\u0161a, bariton sax \u00a0 Vi\u0161e o: Donna Lee Kvartet Saksofona<\/p>\n","protected":false},"author":5,"featured_media":50151,"comment_status":"open","ping_status":"closed","sticky":false,"template":"","format":"standard","meta":{"_acf_changed":false,"_editorskit_title_hidden":false,"_editorskit_reading_time":0,"_editorskit_is_block_options_detached":false,"_editorskit_block_options_position":"{}","_gspb_post_css":"","_crdt_document":"","ngg_post_thumbnail":0,"footnotes":""},"categories":[262],"tags":[],"class_list":["post-50152","post","type-post","status-publish","format-standard","has-post-thumbnail","hentry","category-arhiva"],"blocksy_meta":[],"acf":[],"_links":{"self":[{"href":"https:\/\/scenaamadeo.hr\/wordpress\/index.php\/wp-json\/wp\/v2\/posts\/50152","targetHints":{"allow":["GET"]}}],"collection":[{"href":"https:\/\/scenaamadeo.hr\/wordpress\/index.php\/wp-json\/wp\/v2\/posts"}],"about":[{"href":"https:\/\/scenaamadeo.hr\/wordpress\/index.php\/wp-json\/wp\/v2\/types\/post"}],"author":[{"embeddable":true,"href":"https:\/\/scenaamadeo.hr\/wordpress\/index.php\/wp-json\/wp\/v2\/users\/5"}],"replies":[{"embeddable":true,"href":"https:\/\/scenaamadeo.hr\/wordpress\/index.php\/wp-json\/wp\/v2\/comments?post=50152"}],"version-history":[{"count":0,"href":"https:\/\/scenaamadeo.hr\/wordpress\/index.php\/wp-json\/wp\/v2\/posts\/50152\/revisions"}],"wp:featuredmedia":[{"embeddable":true,"href":"https:\/\/scenaamadeo.hr\/wordpress\/index.php\/wp-json\/wp\/v2\/media\/50151"}],"wp:attachment":[{"href":"https:\/\/scenaamadeo.hr\/wordpress\/index.php\/wp-json\/wp\/v2\/media?parent=50152"}],"wp:term":[{"taxonomy":"category","embeddable":true,"href":"https:\/\/scenaamadeo.hr\/wordpress\/index.php\/wp-json\/wp\/v2\/categories?post=50152"},{"taxonomy":"post_tag","embeddable":true,"href":"https:\/\/scenaamadeo.hr\/wordpress\/index.php\/wp-json\/wp\/v2\/tags?post=50152"}],"curies":[{"name":"wp","href":"https:\/\/api.w.org\/{rel}","templated":true}]}}