{"id":49897,"date":"2010-09-23T11:52:25","date_gmt":"2010-09-23T11:52:25","guid":{"rendered":"https:\/\/scenaamadeo.hr\/wordpress\/index.php\/2010\/09\/23\/cetvrtak-24-07-2003-predstava-vecer-sa-spirom-guberinom-shakespearijada\/"},"modified":"2010-09-23T11:52:25","modified_gmt":"2010-09-23T11:52:25","slug":"cetvrtak-24-07-2003-predstava-vecer-sa-spirom-guberinom-shakespearijada","status":"publish","type":"post","link":"https:\/\/scenaamadeo.hr\/wordpress\/index.php\/2010\/09\/23\/cetvrtak-24-07-2003-predstava-vecer-sa-spirom-guberinom-shakespearijada\/","title":{"rendered":"\u010cetvrtak, 24.07.2003. \/predstava\/ Ve\u010der sa \u0160pirom Guberinom: Shakespearijada"},"content":{"rendered":"<p><strong><img loading=\"lazy\" decoding=\"async\" class=\" alignleft size-full wp-image-49896\" style=\"margin-right: 40px; float: left;\" alt=\"spiro\" src=\"https:\/\/scenaamadeo.hr\/wordpress\/wp-content\/uploads\/Arhiva2003\/spiro-d9d.jpg\" width=\"310\" height=\"412\" srcset=\"https:\/\/scenaamadeo.hr\/wordpress\/wp-content\/uploads\/Arhiva2003\/spiro-d9d.jpg 233w, https:\/\/scenaamadeo.hr\/wordpress\/wp-content\/uploads\/Arhiva2003\/spiro-d9d-225x300.jpg 225w\" sizes=\"auto, (max-width: 310px) 100vw, 310px\" \/><span style=\"font-family: arial,helvetica,sans-serif;\">Ve\u010der sa \u0160pirom Guberinom \u00a0 \u00a0 \u00a0 \u00a0 \u00a0 \u00a0 \u00a0 \u00a0 \u00a0 \u00a0 \u00a0\u00a0\u00a0\u00a0\u00a0\u00a0\u00a0\u00a0\u00a0\u00a0\u00a0\u00a0\u00a0\u00a0\u00a0\u00a0 <\/span><br \/><\/strong><\/p>\n<p><span style=\"font-family: arial,helvetica,sans-serif;\"><strong>SHAKESPERIJADA<\/strong><\/span><\/p>\n<p><span style=\"font-family: arial,helvetica,sans-serif;\"><em>Kola\u017e sastavljen od ulomaka iz kazali\u0161nih<\/em><\/span><\/p>\n<p><span style=\"font-family: arial,helvetica,sans-serif;\"><em>predstava i TV- uloga po glum\u010devom izboru<\/em><\/span><\/p>\n<p>\u00a0<\/p>\n<p><span style=\"font-family: arial,helvetica,sans-serif;\">Vi\u0161e o:<\/span><\/p>\n<p><span style=\"font-family: arial,helvetica,sans-serif;\"><a href=\"http:\/\/hr.wikipedia.org\/wiki\/%C5%A0piro_Guberina\">\u0160piro Guberina<\/a><\/span><\/p>\n","protected":false},"excerpt":{"rendered":"<p>Ve\u010der sa \u0160pirom Guberinom \u00a0 \u00a0 \u00a0 \u00a0 \u00a0 \u00a0 \u00a0 \u00a0 \u00a0 \u00a0 \u00a0\u00a0\u00a0\u00a0\u00a0\u00a0\u00a0\u00a0\u00a0\u00a0\u00a0\u00a0\u00a0\u00a0\u00a0\u00a0 SHAKESPERIJADA Kola\u017e sastavljen od ulomaka iz kazali\u0161nih predstava i TV- uloga po glum\u010devom izboru \u00a0 Vi\u0161e o: \u0160piro Guberina<\/p>\n","protected":false},"author":5,"featured_media":49896,"comment_status":"open","ping_status":"closed","sticky":false,"template":"","format":"standard","meta":{"_acf_changed":false,"_editorskit_title_hidden":false,"_editorskit_reading_time":0,"_editorskit_is_block_options_detached":false,"_editorskit_block_options_position":"{}","_gspb_post_css":"","_crdt_document":"","ngg_post_thumbnail":0,"footnotes":""},"categories":[262],"tags":[],"class_list":["post-49897","post","type-post","status-publish","format-standard","has-post-thumbnail","hentry","category-arhiva"],"blocksy_meta":[],"acf":[],"_links":{"self":[{"href":"https:\/\/scenaamadeo.hr\/wordpress\/index.php\/wp-json\/wp\/v2\/posts\/49897","targetHints":{"allow":["GET"]}}],"collection":[{"href":"https:\/\/scenaamadeo.hr\/wordpress\/index.php\/wp-json\/wp\/v2\/posts"}],"about":[{"href":"https:\/\/scenaamadeo.hr\/wordpress\/index.php\/wp-json\/wp\/v2\/types\/post"}],"author":[{"embeddable":true,"href":"https:\/\/scenaamadeo.hr\/wordpress\/index.php\/wp-json\/wp\/v2\/users\/5"}],"replies":[{"embeddable":true,"href":"https:\/\/scenaamadeo.hr\/wordpress\/index.php\/wp-json\/wp\/v2\/comments?post=49897"}],"version-history":[{"count":0,"href":"https:\/\/scenaamadeo.hr\/wordpress\/index.php\/wp-json\/wp\/v2\/posts\/49897\/revisions"}],"wp:featuredmedia":[{"embeddable":true,"href":"https:\/\/scenaamadeo.hr\/wordpress\/index.php\/wp-json\/wp\/v2\/media\/49896"}],"wp:attachment":[{"href":"https:\/\/scenaamadeo.hr\/wordpress\/index.php\/wp-json\/wp\/v2\/media?parent=49897"}],"wp:term":[{"taxonomy":"category","embeddable":true,"href":"https:\/\/scenaamadeo.hr\/wordpress\/index.php\/wp-json\/wp\/v2\/categories?post=49897"},{"taxonomy":"post_tag","embeddable":true,"href":"https:\/\/scenaamadeo.hr\/wordpress\/index.php\/wp-json\/wp\/v2\/tags?post=49897"}],"curies":[{"name":"wp","href":"https:\/\/api.w.org\/{rel}","templated":true}]}}