{"id":49895,"date":"2010-09-23T11:51:31","date_gmt":"2010-09-23T11:51:31","guid":{"rendered":"https:\/\/scenaamadeo.hr\/wordpress\/index.php\/2010\/09\/23\/utorak-22-07-2003-koncert-olja-jelaska-kaleidoskop-veceri-praizvedbi-hrvatskih-skladatelja\/"},"modified":"2010-09-23T11:51:31","modified_gmt":"2010-09-23T11:51:31","slug":"utorak-22-07-2003-koncert-olja-jelaska-kaleidoskop-veceri-praizvedbi-hrvatskih-skladatelja","status":"publish","type":"post","link":"https:\/\/scenaamadeo.hr\/wordpress\/index.php\/2010\/09\/23\/utorak-22-07-2003-koncert-olja-jelaska-kaleidoskop-veceri-praizvedbi-hrvatskih-skladatelja\/","title":{"rendered":"Utorak, 22.07.2003. \/koncert\/ Olja Jelaska: Kaleidoskop \/Ve\u010deri praizvedbi hrvatskih skladatelja\/"},"content":{"rendered":"<p><img loading=\"lazy\" decoding=\"async\" class=\" alignleft size-full wp-image-49894\" style=\"margin-right: 40px; float: left;\" alt=\"jelaska\" src=\"https:\/\/scenaamadeo.hr\/wordpress\/wp-content\/uploads\/Arhiva2003\/jelaska-682.jpg\" width=\"310\" height=\"233\" srcset=\"https:\/\/scenaamadeo.hr\/wordpress\/wp-content\/uploads\/Arhiva2003\/jelaska-682.jpg 310w, https:\/\/scenaamadeo.hr\/wordpress\/wp-content\/uploads\/Arhiva2003\/jelaska-682-300x225.jpg 300w\" sizes=\"auto, (max-width: 310px) 100vw, 310px\" \/><strong>\u00a0<\/strong><span style=\"font-family: arial,helvetica,sans-serif;\"><strong>OLJA JELASKA &#8211; KALEIDOSKOP\u00a0\u00a0\u00a0\u00a0\u00a0\u00a0\u00a0\u00a0\u00a0\u00a0\u00a0\u00a0\u00a0\u00a0\u00a0\u00a0\u00a0\u00a0\u00a0\u00a0\u00a0\u00a0\u00a0\u00a0\u00a0\u00a0\u00a0\u00a0\u00a0\u00a0\u00a0\u00a0\u00a0\u00a0\u00a0\u00a0\u00a0\u00a0\u00a0\u00a0\u00a0\u00a0\u00a0 <br \/><\/strong><\/span><\/p>\n<p><span style=\"font-family: arial,helvetica,sans-serif;\"><em>Praizvedba djela naru\u010denog za Scenu AMADEO<\/em><\/span><\/p>\n<p>\u00a0<\/p>\n<p><span style=\"font-family: arial,helvetica,sans-serif;\"><strong>Zagreba\u010dki kvartet<\/strong><\/span><\/p>\n<p><span style=\"font-family: arial,helvetica,sans-serif;\">G. Kon\u010dar, violina; D. Philips, violina; A. \u017divkovi\u0107, viola;<\/span><\/p>\n<p><span style=\"font-family: arial,helvetica,sans-serif;\">M. Jordan, violon\u010delo; Renata Penezi\u0107, flauta; Davor Reba, klarinet<\/span><\/p>\n<p><span style=\"font-family: arial,helvetica,sans-serif;\"><em>Jelaska, \u0160ostakovi\u0107, Dvorak<\/em><\/span><\/p>\n<p>\u00a0<\/p>\n<p><span style=\"font-family: arial,helvetica,sans-serif;\">Vi\u0161e o:<\/span><\/p>\n<p><span style=\"font-family: arial,helvetica,sans-serif;\"><a href=\"http:\/\/www.fdk.hr\/skladatelji\/jelaska.html\">Olja Jelaska<\/a><\/span><\/p>\n<p><span style=\"font-family: arial,helvetica,sans-serif;\"><a href=\"http:\/\/www.zagrebquartet.org\/\">Zagreba\u010dki kvartet<\/a><\/span><\/p>\n","protected":false},"excerpt":{"rendered":"<p>\u00a0OLJA JELASKA &#8211; KALEIDOSKOP\u00a0\u00a0\u00a0\u00a0\u00a0\u00a0\u00a0\u00a0\u00a0\u00a0\u00a0\u00a0\u00a0\u00a0\u00a0\u00a0\u00a0\u00a0\u00a0\u00a0\u00a0\u00a0\u00a0\u00a0\u00a0\u00a0\u00a0\u00a0\u00a0\u00a0\u00a0\u00a0\u00a0\u00a0\u00a0\u00a0\u00a0\u00a0\u00a0\u00a0\u00a0\u00a0\u00a0 Praizvedba djela naru\u010denog za Scenu AMADEO \u00a0 Zagreba\u010dki kvartet G. Kon\u010dar, violina; D. Philips, violina; A. \u017divkovi\u0107, viola; M. Jordan, violon\u010delo; Renata Penezi\u0107, flauta; Davor Reba, klarinet Jelaska, \u0160ostakovi\u0107, Dvorak \u00a0 Vi\u0161e o: Olja Jelaska Zagreba\u010dki kvartet<\/p>\n","protected":false},"author":5,"featured_media":49894,"comment_status":"open","ping_status":"closed","sticky":false,"template":"","format":"standard","meta":{"_acf_changed":false,"_editorskit_title_hidden":false,"_editorskit_reading_time":0,"_editorskit_is_block_options_detached":false,"_editorskit_block_options_position":"{}","_gspb_post_css":"","_crdt_document":"","ngg_post_thumbnail":0,"footnotes":""},"categories":[262],"tags":[],"class_list":["post-49895","post","type-post","status-publish","format-standard","has-post-thumbnail","hentry","category-arhiva"],"blocksy_meta":[],"acf":[],"_links":{"self":[{"href":"https:\/\/scenaamadeo.hr\/wordpress\/index.php\/wp-json\/wp\/v2\/posts\/49895","targetHints":{"allow":["GET"]}}],"collection":[{"href":"https:\/\/scenaamadeo.hr\/wordpress\/index.php\/wp-json\/wp\/v2\/posts"}],"about":[{"href":"https:\/\/scenaamadeo.hr\/wordpress\/index.php\/wp-json\/wp\/v2\/types\/post"}],"author":[{"embeddable":true,"href":"https:\/\/scenaamadeo.hr\/wordpress\/index.php\/wp-json\/wp\/v2\/users\/5"}],"replies":[{"embeddable":true,"href":"https:\/\/scenaamadeo.hr\/wordpress\/index.php\/wp-json\/wp\/v2\/comments?post=49895"}],"version-history":[{"count":0,"href":"https:\/\/scenaamadeo.hr\/wordpress\/index.php\/wp-json\/wp\/v2\/posts\/49895\/revisions"}],"wp:featuredmedia":[{"embeddable":true,"href":"https:\/\/scenaamadeo.hr\/wordpress\/index.php\/wp-json\/wp\/v2\/media\/49894"}],"wp:attachment":[{"href":"https:\/\/scenaamadeo.hr\/wordpress\/index.php\/wp-json\/wp\/v2\/media?parent=49895"}],"wp:term":[{"taxonomy":"category","embeddable":true,"href":"https:\/\/scenaamadeo.hr\/wordpress\/index.php\/wp-json\/wp\/v2\/categories?post=49895"},{"taxonomy":"post_tag","embeddable":true,"href":"https:\/\/scenaamadeo.hr\/wordpress\/index.php\/wp-json\/wp\/v2\/tags?post=49895"}],"curies":[{"name":"wp","href":"https:\/\/api.w.org\/{rel}","templated":true}]}}