{"id":49887,"date":"2010-09-18T20:08:23","date_gmt":"2010-09-18T20:08:23","guid":{"rendered":"https:\/\/scenaamadeo.hr\/wordpress\/index.php\/2010\/09\/18\/utorak-15-07-2003-koncert-renata-penezic-flauta-branko-mihanovic-oboa-mario-copor-klavir\/"},"modified":"2010-09-18T20:08:23","modified_gmt":"2010-09-18T20:08:23","slug":"utorak-15-07-2003-koncert-renata-penezic-flauta-branko-mihanovic-oboa-mario-copor-klavir","status":"publish","type":"post","link":"https:\/\/scenaamadeo.hr\/wordpress\/index.php\/2010\/09\/18\/utorak-15-07-2003-koncert-renata-penezic-flauta-branko-mihanovic-oboa-mario-copor-klavir\/","title":{"rendered":"Utorak, 15.07.2003. \/koncert\/ Renata Penezi\u0107, flauta; Branko Mihanovi\u0107, oboa; Mario \u010copor, klavir"},"content":{"rendered":"<p><img loading=\"lazy\" decoding=\"async\" class=\" alignleft size-full wp-image-49886\" style=\"margin-right: 40px; float: left;\" alt=\"suveniri\" src=\"https:\/\/scenaamadeo.hr\/wordpress\/wp-content\/uploads\/Arhiva2003\/suveniri-f26.jpg\" width=\"310\" height=\"284\" srcset=\"https:\/\/scenaamadeo.hr\/wordpress\/wp-content\/uploads\/Arhiva2003\/suveniri-f26.jpg 310w, https:\/\/scenaamadeo.hr\/wordpress\/wp-content\/uploads\/Arhiva2003\/suveniri-f26-300x275.jpg 300w\" sizes=\"auto, (max-width: 310px) 100vw, 310px\" \/><strong>Operni suveniri \u00a0 \u00a0 \u00a0 \u00a0 \u00a0 \u00a0 \u00a0 \u00a0 \u00a0 \u00a0 \u00a0 \u00a0 \u00a0 \u00a0 \u00a0 \u00a0 \u00a0 \u00a0 \u00a0 \u00a0 \u00a0 \u00a0 \u00a0 \u00a0 \u00a0 \u00a0 \u00a0 \u00a0 \u00a0\u00a0<\/strong><\/p>\n<p>\u00a0<\/p>\n<p><strong>Nastupaju:<\/strong><\/p>\n<p>Renata Penezi\u0107, flauta<\/p>\n<p>Branko Mihanovi\u0107, oboa<\/p>\n<p>Mario \u010copor, klavir<\/p>\n<p><em>Parafraze na teme iz opera Bellinija, Verdija i Rossinija<\/em><\/p>\n<p>\u00a0<\/p>\n<p><strong>Vi\u0161e o:<\/strong><\/p>\n<p><a href=\"http:\/\/rflute.com\/ensembles\/opera-souvenirs\/index.html\">Operni suveniri<\/a><\/p>\n<p><a href=\"http:\/\/rflute.com\/home\/index.html\">Renata Penezi\u0107<\/a><\/p>\n","protected":false},"excerpt":{"rendered":"<p>Operni suveniri \u00a0 \u00a0 \u00a0 \u00a0 \u00a0 \u00a0 \u00a0 \u00a0 \u00a0 \u00a0 \u00a0 \u00a0 \u00a0 \u00a0 \u00a0 \u00a0 \u00a0 \u00a0 \u00a0 \u00a0 \u00a0 \u00a0 \u00a0 \u00a0 \u00a0 \u00a0 \u00a0 \u00a0 \u00a0\u00a0 \u00a0 Nastupaju: Renata Penezi\u0107, flauta Branko Mihanovi\u0107, oboa Mario \u010copor, klavir Parafraze na teme iz opera Bellinija, Verdija i Rossinija \u00a0 Vi\u0161e o: Operni [&hellip;]<\/p>\n","protected":false},"author":5,"featured_media":49886,"comment_status":"open","ping_status":"closed","sticky":false,"template":"","format":"standard","meta":{"_acf_changed":false,"_editorskit_title_hidden":false,"_editorskit_reading_time":0,"_editorskit_is_block_options_detached":false,"_editorskit_block_options_position":"{}","_gspb_post_css":"","_crdt_document":"","ngg_post_thumbnail":0,"footnotes":""},"categories":[262],"tags":[],"class_list":["post-49887","post","type-post","status-publish","format-standard","has-post-thumbnail","hentry","category-arhiva"],"blocksy_meta":[],"acf":[],"_links":{"self":[{"href":"https:\/\/scenaamadeo.hr\/wordpress\/index.php\/wp-json\/wp\/v2\/posts\/49887","targetHints":{"allow":["GET"]}}],"collection":[{"href":"https:\/\/scenaamadeo.hr\/wordpress\/index.php\/wp-json\/wp\/v2\/posts"}],"about":[{"href":"https:\/\/scenaamadeo.hr\/wordpress\/index.php\/wp-json\/wp\/v2\/types\/post"}],"author":[{"embeddable":true,"href":"https:\/\/scenaamadeo.hr\/wordpress\/index.php\/wp-json\/wp\/v2\/users\/5"}],"replies":[{"embeddable":true,"href":"https:\/\/scenaamadeo.hr\/wordpress\/index.php\/wp-json\/wp\/v2\/comments?post=49887"}],"version-history":[{"count":0,"href":"https:\/\/scenaamadeo.hr\/wordpress\/index.php\/wp-json\/wp\/v2\/posts\/49887\/revisions"}],"wp:featuredmedia":[{"embeddable":true,"href":"https:\/\/scenaamadeo.hr\/wordpress\/index.php\/wp-json\/wp\/v2\/media\/49886"}],"wp:attachment":[{"href":"https:\/\/scenaamadeo.hr\/wordpress\/index.php\/wp-json\/wp\/v2\/media?parent=49887"}],"wp:term":[{"taxonomy":"category","embeddable":true,"href":"https:\/\/scenaamadeo.hr\/wordpress\/index.php\/wp-json\/wp\/v2\/categories?post=49887"},{"taxonomy":"post_tag","embeddable":true,"href":"https:\/\/scenaamadeo.hr\/wordpress\/index.php\/wp-json\/wp\/v2\/tags?post=49887"}],"curies":[{"name":"wp","href":"https:\/\/api.w.org\/{rel}","templated":true}]}}