{"id":49878,"date":"2010-09-18T20:04:57","date_gmt":"2010-09-18T20:04:57","guid":{"rendered":"https:\/\/scenaamadeo.hr\/wordpress\/index.php\/2010\/09\/18\/cetvrtak-10-07-2003-koncert-valentina-fijacko-sopran-helena-lucic-mezzosopran-mario-copor-klavir\/"},"modified":"2010-09-18T20:04:57","modified_gmt":"2010-09-18T20:04:57","slug":"cetvrtak-10-07-2003-koncert-valentina-fijacko-sopran-helena-lucic-mezzosopran-mario-copor-klavir","status":"publish","type":"post","link":"https:\/\/scenaamadeo.hr\/wordpress\/index.php\/2010\/09\/18\/cetvrtak-10-07-2003-koncert-valentina-fijacko-sopran-helena-lucic-mezzosopran-mario-copor-klavir\/","title":{"rendered":"\u010cetvrtak, 10.07.2003. \/koncert\/ Valentina Fija\u010dko, sopran; Helena Luci\u0107, mezzosopran; Mario \u010copor, klavir"},"content":{"rendered":"<p><img loading=\"lazy\" decoding=\"async\" class=\" alignleft size-full wp-image-49877\" style=\"margin-right: 40px; float: left;\" alt=\"fijacko\" src=\"https:\/\/scenaamadeo.hr\/wordpress\/wp-content\/uploads\/Arhiva2003\/fijacko-d3f.jpg\" width=\"310\" height=\"233\" srcset=\"https:\/\/scenaamadeo.hr\/wordpress\/wp-content\/uploads\/Arhiva2003\/fijacko-d3f.jpg 310w, https:\/\/scenaamadeo.hr\/wordpress\/wp-content\/uploads\/Arhiva2003\/fijacko-d3f-300x225.jpg 300w\" sizes=\"auto, (max-width: 310px) 100vw, 310px\" \/><span style=\"font-family: arial,helvetica,sans-serif;\"><strong>Nastupaju: \u00a0 \u00a0 \u00a0 \u00a0 \u00a0 \u00a0 \u00a0 \u00a0 \u00a0 \u00a0 \u00a0 \u00a0 \u00a0 \u00a0 \u00a0 \u00a0 \u00a0 \u00a0 \u00a0 \u00a0 \u00a0 \u00a0 \u00a0 \u00a0 \u00a0 \u00a0 \u00a0 \u00a0 \u00a0 \u00a0 \u00a0 \u00a0 \u00a0\u00a0\u00a0\u00a0\u00a0\u00a0\u00a0\u00a0 <br \/><\/strong><\/span><\/p>\n<p><span style=\"font-family: arial,helvetica,sans-serif;\">Valentina Fija\u010dko, sopran<\/span><\/p>\n<p><span style=\"font-family: arial,helvetica,sans-serif;\">Helena Luci\u0107, mezzosopran<\/span><\/p>\n<p><span style=\"font-family: arial,helvetica,sans-serif;\">Mario \u010copor, klavir<\/span><\/p>\n<p><span style=\"font-family: arial,helvetica,sans-serif;\"><em>Mozart, Gounod, Bizet, Brahms, Strauss, Lang, Offenbach<\/em><\/span><\/p>\n<p>\u00a0<\/p>\n<p><span style=\"font-family: arial,helvetica,sans-serif;\"><strong>Vi\u0161e o:<\/strong><\/span><\/p>\n<p><span style=\"font-family: arial,helvetica,sans-serif;\"><a href=\"http:\/\/www.zko.hr\/valentina_fijacko.php\">Valentina Fija\u010dko<\/a><\/span><\/p>\n<p><span style=\"font-family: arial,helvetica,sans-serif;\"><a href=\"http:\/\/www.helenalucic.com\/\">Helena Luci\u0107<\/a><\/span><\/p>\n<p><span style=\"font-family: arial,helvetica,sans-serif;\"><a href=\"http:\/\/www.artagent.hr\/umjetnik.php?id=85\">Mario \u010copor<\/a><\/span><\/p>\n","protected":false},"excerpt":{"rendered":"<p>Nastupaju: \u00a0 \u00a0 \u00a0 \u00a0 \u00a0 \u00a0 \u00a0 \u00a0 \u00a0 \u00a0 \u00a0 \u00a0 \u00a0 \u00a0 \u00a0 \u00a0 \u00a0 \u00a0 \u00a0 \u00a0 \u00a0 \u00a0 \u00a0 \u00a0 \u00a0 \u00a0 \u00a0 \u00a0 \u00a0 \u00a0 \u00a0 \u00a0 \u00a0\u00a0\u00a0\u00a0\u00a0\u00a0\u00a0\u00a0 Valentina Fija\u010dko, sopran Helena Luci\u0107, mezzosopran Mario \u010copor, klavir Mozart, Gounod, Bizet, Brahms, Strauss, Lang, Offenbach \u00a0 Vi\u0161e o: Valentina Fija\u010dko [&hellip;]<\/p>\n","protected":false},"author":5,"featured_media":49877,"comment_status":"open","ping_status":"closed","sticky":false,"template":"","format":"standard","meta":{"_acf_changed":false,"_editorskit_title_hidden":false,"_editorskit_reading_time":0,"_editorskit_is_block_options_detached":false,"_editorskit_block_options_position":"{}","_gspb_post_css":"","_crdt_document":"","ngg_post_thumbnail":0,"footnotes":""},"categories":[262],"tags":[],"class_list":["post-49878","post","type-post","status-publish","format-standard","has-post-thumbnail","hentry","category-arhiva"],"blocksy_meta":[],"acf":[],"_links":{"self":[{"href":"https:\/\/scenaamadeo.hr\/wordpress\/index.php\/wp-json\/wp\/v2\/posts\/49878","targetHints":{"allow":["GET"]}}],"collection":[{"href":"https:\/\/scenaamadeo.hr\/wordpress\/index.php\/wp-json\/wp\/v2\/posts"}],"about":[{"href":"https:\/\/scenaamadeo.hr\/wordpress\/index.php\/wp-json\/wp\/v2\/types\/post"}],"author":[{"embeddable":true,"href":"https:\/\/scenaamadeo.hr\/wordpress\/index.php\/wp-json\/wp\/v2\/users\/5"}],"replies":[{"embeddable":true,"href":"https:\/\/scenaamadeo.hr\/wordpress\/index.php\/wp-json\/wp\/v2\/comments?post=49878"}],"version-history":[{"count":0,"href":"https:\/\/scenaamadeo.hr\/wordpress\/index.php\/wp-json\/wp\/v2\/posts\/49878\/revisions"}],"wp:featuredmedia":[{"embeddable":true,"href":"https:\/\/scenaamadeo.hr\/wordpress\/index.php\/wp-json\/wp\/v2\/media\/49877"}],"wp:attachment":[{"href":"https:\/\/scenaamadeo.hr\/wordpress\/index.php\/wp-json\/wp\/v2\/media?parent=49878"}],"wp:term":[{"taxonomy":"category","embeddable":true,"href":"https:\/\/scenaamadeo.hr\/wordpress\/index.php\/wp-json\/wp\/v2\/categories?post=49878"},{"taxonomy":"post_tag","embeddable":true,"href":"https:\/\/scenaamadeo.hr\/wordpress\/index.php\/wp-json\/wp\/v2\/tags?post=49878"}],"curies":[{"name":"wp","href":"https:\/\/api.w.org\/{rel}","templated":true}]}}