{"id":49849,"date":"2010-09-18T19:52:19","date_gmt":"2010-09-18T19:52:19","guid":{"rendered":"https:\/\/scenaamadeo.hr\/wordpress\/index.php\/2010\/09\/18\/nedjelja-25-08-2002-predstava-vv-zurnal-tito-krleza\/"},"modified":"2010-09-18T19:52:19","modified_gmt":"2010-09-18T19:52:19","slug":"nedjelja-25-08-2002-predstava-vv-zurnal-tito-krleza","status":"publish","type":"post","link":"https:\/\/scenaamadeo.hr\/wordpress\/index.php\/2010\/09\/18\/nedjelja-25-08-2002-predstava-vv-zurnal-tito-krleza\/","title":{"rendered":"Nedjelja, 25.08.2002. \/predstava\/ VV \u017eurnal Tito, Krle\u017ea &#038;&#8230;"},"content":{"rendered":"<p><strong>Autori i izvo\u0111a\u010di: <\/strong><\/p>\n<p>\u017deljko Vukmirica i Vilim Matula<\/p>\n<p>\u00a0<\/p>\n<p><strong>Vi\u0161e o:<\/strong><\/p>\n<p><a href=\"http:\/\/www.mala-scena.hr\/home\/biografije\/z\/zeljko-vukmirica.aspx\">\u017deljko Vukmirica<\/a><\/p>\n<p><a href=\"http:\/\/vijesti.gorila.hr\/gorila_vijesti\/zagreb\/aktualno\/vili_matula_biografija\">Vilim Matula<\/a><\/p>\n","protected":false},"excerpt":{"rendered":"<p>Autori i izvo\u0111a\u010di: \u017deljko Vukmirica i Vilim Matula \u00a0 Vi\u0161e o: \u017deljko Vukmirica Vilim Matula<\/p>\n","protected":false},"author":5,"featured_media":0,"comment_status":"open","ping_status":"closed","sticky":false,"template":"","format":"standard","meta":{"_acf_changed":false,"_editorskit_title_hidden":false,"_editorskit_reading_time":0,"_editorskit_is_block_options_detached":false,"_editorskit_block_options_position":"{}","_gspb_post_css":"","_crdt_document":"","ngg_post_thumbnail":0,"footnotes":""},"categories":[262],"tags":[],"class_list":["post-49849","post","type-post","status-publish","format-standard","hentry","category-arhiva"],"blocksy_meta":[],"acf":[],"_links":{"self":[{"href":"https:\/\/scenaamadeo.hr\/wordpress\/index.php\/wp-json\/wp\/v2\/posts\/49849","targetHints":{"allow":["GET"]}}],"collection":[{"href":"https:\/\/scenaamadeo.hr\/wordpress\/index.php\/wp-json\/wp\/v2\/posts"}],"about":[{"href":"https:\/\/scenaamadeo.hr\/wordpress\/index.php\/wp-json\/wp\/v2\/types\/post"}],"author":[{"embeddable":true,"href":"https:\/\/scenaamadeo.hr\/wordpress\/index.php\/wp-json\/wp\/v2\/users\/5"}],"replies":[{"embeddable":true,"href":"https:\/\/scenaamadeo.hr\/wordpress\/index.php\/wp-json\/wp\/v2\/comments?post=49849"}],"version-history":[{"count":0,"href":"https:\/\/scenaamadeo.hr\/wordpress\/index.php\/wp-json\/wp\/v2\/posts\/49849\/revisions"}],"wp:attachment":[{"href":"https:\/\/scenaamadeo.hr\/wordpress\/index.php\/wp-json\/wp\/v2\/media?parent=49849"}],"wp:term":[{"taxonomy":"category","embeddable":true,"href":"https:\/\/scenaamadeo.hr\/wordpress\/index.php\/wp-json\/wp\/v2\/categories?post=49849"},{"taxonomy":"post_tag","embeddable":true,"href":"https:\/\/scenaamadeo.hr\/wordpress\/index.php\/wp-json\/wp\/v2\/tags?post=49849"}],"curies":[{"name":"wp","href":"https:\/\/api.w.org\/{rel}","templated":true}]}}