{"id":49846,"date":"2010-09-18T19:51:38","date_gmt":"2010-09-18T19:51:38","guid":{"rendered":"https:\/\/scenaamadeo.hr\/wordpress\/index.php\/2010\/09\/18\/srijeda-21-08-2002-koncert-mira-vlahovic-sopran-sasa-britvic-klavir\/"},"modified":"2010-09-18T19:51:38","modified_gmt":"2010-09-18T19:51:38","slug":"srijeda-21-08-2002-koncert-mira-vlahovic-sopran-sasa-britvic-klavir","status":"publish","type":"post","link":"https:\/\/scenaamadeo.hr\/wordpress\/index.php\/2010\/09\/18\/srijeda-21-08-2002-koncert-mira-vlahovic-sopran-sasa-britvic-klavir\/","title":{"rendered":"Srijeda, 21.08.2002. \/koncert\/ Mira Vlahovi\u0107, sopran; Sa\u0161a Britvi\u0107, klavir"},"content":{"rendered":"<p><strong><img loading=\"lazy\" decoding=\"async\" class=\" alignleft size-full wp-image-49845\" style=\"margin-right: 40px; float: left;\" alt=\"vlahovic\" src=\"https:\/\/scenaamadeo.hr\/wordpress\/wp-content\/uploads\/Arhiva2002\/vlahovic-68d.jpg\" width=\"310\" height=\"458\" srcset=\"https:\/\/scenaamadeo.hr\/wordpress\/wp-content\/uploads\/Arhiva2002\/vlahovic-68d.jpg 310w, https:\/\/scenaamadeo.hr\/wordpress\/wp-content\/uploads\/Arhiva2002\/vlahovic-68d-203x300.jpg 203w\" sizes=\"auto, (max-width: 310px) 100vw, 310px\" \/>Nastupaju: \u00a0 \u00a0 \u00a0 \u00a0 \u00a0 \u00a0 \u00a0 \u00a0 \u00a0 \u00a0 \u00a0 \u00a0 \u00a0 \u00a0 \u00a0 \u00a0 \u00a0 \u00a0 \u00a0 \u00a0 \u00a0 \u00a0 \u00a0 \u00a0 \u00a0<\/strong><\/p>\n<p>Mira Vlahovi\u0107, sopran<\/p>\n<p>Sa\u0161a Britvi\u0107, klavir<\/p>\n<p><em>Strauss, Massenet, Rahmanjinov, Hatze, Grieg,<\/em><\/p>\n<p><em>Delibes, Offenbach, Verdi, Strauss, Puccini, Zajc<\/em><\/p>\n<p>\u00a0<\/p>\n<p><strong>Vi\u0161e o:<\/strong><\/p>\n<p><a href=\"http:\/\/www.miravlahovic.com\/\">Mira Vlahovi\u0107<\/a><\/p>\n","protected":false},"excerpt":{"rendered":"<p>Nastupaju: \u00a0 \u00a0 \u00a0 \u00a0 \u00a0 \u00a0 \u00a0 \u00a0 \u00a0 \u00a0 \u00a0 \u00a0 \u00a0 \u00a0 \u00a0 \u00a0 \u00a0 \u00a0 \u00a0 \u00a0 \u00a0 \u00a0 \u00a0 \u00a0 \u00a0 Mira Vlahovi\u0107, sopran Sa\u0161a Britvi\u0107, klavir Strauss, Massenet, Rahmanjinov, Hatze, Grieg, Delibes, Offenbach, Verdi, Strauss, Puccini, Zajc \u00a0 Vi\u0161e o: Mira Vlahovi\u0107<\/p>\n","protected":false},"author":5,"featured_media":49845,"comment_status":"open","ping_status":"closed","sticky":false,"template":"","format":"standard","meta":{"_acf_changed":false,"_editorskit_title_hidden":false,"_editorskit_reading_time":0,"_editorskit_is_block_options_detached":false,"_editorskit_block_options_position":"{}","_gspb_post_css":"","_crdt_document":"","ngg_post_thumbnail":0,"footnotes":""},"categories":[262],"tags":[],"class_list":["post-49846","post","type-post","status-publish","format-standard","has-post-thumbnail","hentry","category-arhiva"],"blocksy_meta":[],"acf":[],"_links":{"self":[{"href":"https:\/\/scenaamadeo.hr\/wordpress\/index.php\/wp-json\/wp\/v2\/posts\/49846","targetHints":{"allow":["GET"]}}],"collection":[{"href":"https:\/\/scenaamadeo.hr\/wordpress\/index.php\/wp-json\/wp\/v2\/posts"}],"about":[{"href":"https:\/\/scenaamadeo.hr\/wordpress\/index.php\/wp-json\/wp\/v2\/types\/post"}],"author":[{"embeddable":true,"href":"https:\/\/scenaamadeo.hr\/wordpress\/index.php\/wp-json\/wp\/v2\/users\/5"}],"replies":[{"embeddable":true,"href":"https:\/\/scenaamadeo.hr\/wordpress\/index.php\/wp-json\/wp\/v2\/comments?post=49846"}],"version-history":[{"count":0,"href":"https:\/\/scenaamadeo.hr\/wordpress\/index.php\/wp-json\/wp\/v2\/posts\/49846\/revisions"}],"wp:featuredmedia":[{"embeddable":true,"href":"https:\/\/scenaamadeo.hr\/wordpress\/index.php\/wp-json\/wp\/v2\/media\/49845"}],"wp:attachment":[{"href":"https:\/\/scenaamadeo.hr\/wordpress\/index.php\/wp-json\/wp\/v2\/media?parent=49846"}],"wp:term":[{"taxonomy":"category","embeddable":true,"href":"https:\/\/scenaamadeo.hr\/wordpress\/index.php\/wp-json\/wp\/v2\/categories?post=49846"},{"taxonomy":"post_tag","embeddable":true,"href":"https:\/\/scenaamadeo.hr\/wordpress\/index.php\/wp-json\/wp\/v2\/tags?post=49846"}],"curies":[{"name":"wp","href":"https:\/\/api.w.org\/{rel}","templated":true}]}}