{"id":49842,"date":"2010-09-18T19:50:17","date_gmt":"2010-09-18T19:50:17","guid":{"rendered":"https:\/\/scenaamadeo.hr\/wordpress\/index.php\/2010\/09\/18\/subota-17-08-2002-koncert-helena-lucic-mezzosopran-ivan-batos-klavir\/"},"modified":"2010-09-18T19:50:17","modified_gmt":"2010-09-18T19:50:17","slug":"subota-17-08-2002-koncert-helena-lucic-mezzosopran-ivan-batos-klavir","status":"publish","type":"post","link":"https:\/\/scenaamadeo.hr\/wordpress\/index.php\/2010\/09\/18\/subota-17-08-2002-koncert-helena-lucic-mezzosopran-ivan-batos-klavir\/","title":{"rendered":"Subota, 17.08.2002. \/koncert\/ Helena Luci\u0107, mezzosopran; Ivan Bato\u0161, klavir"},"content":{"rendered":"<p><strong><img loading=\"lazy\" decoding=\"async\" class=\" alignleft size-full wp-image-49841\" style=\"margin-right: 40px; float: left;\" alt=\"lucic\" src=\"https:\/\/scenaamadeo.hr\/wordpress\/wp-content\/uploads\/Arhiva2002\/lucic-2b5.jpg\" width=\"310\" height=\"207\" srcset=\"https:\/\/scenaamadeo.hr\/wordpress\/wp-content\/uploads\/Arhiva2002\/lucic-2b5.jpg 310w, https:\/\/scenaamadeo.hr\/wordpress\/wp-content\/uploads\/Arhiva2002\/lucic-2b5-300x200.jpg 300w\" sizes=\"auto, (max-width: 310px) 100vw, 310px\" \/>Nastupaju:\u00a0\u00a0\u00a0\u00a0\u00a0\u00a0\u00a0\u00a0\u00a0\u00a0\u00a0\u00a0\u00a0\u00a0\u00a0\u00a0\u00a0\u00a0\u00a0\u00a0\u00a0\u00a0\u00a0\u00a0\u00a0\u00a0\u00a0\u00a0\u00a0\u00a0\u00a0\u00a0\u00a0\u00a0\u00a0\u00a0\u00a0\u00a0\u00a0\u00a0\u00a0\u00a0\u00a0\u00a0\u00a0\u00a0\u00a0\u00a0\u00a0\u00a0\u00a0\u00a0\u00a0\u00a0\u00a0\u00a0\u00a0\u00a0\u00a0 <br \/><\/strong><\/p>\n<p>Helena Luci\u0107, mezzosopran<\/p>\n<p>Ivan Bato\u0161, klavir<\/p>\n<p><em>Caldara, Durante, Paisiello, Brahms, \u0160kerjanec, Hatze,<\/em><\/p>\n<p><em>Respighi, Granados, Handel, \u010cajkovski, Peja\u010devi\u0107, Bizet<\/em><\/p>\n<p>\u00a0<\/p>\n<p><strong>Vi\u0161e o:<\/strong><\/p>\n<p><a href=\"http:\/\/www.helenalucic.com\/\">Helena Luci\u0107<\/a><\/p>\n<p><a href=\"http:\/\/www.artagent.hr\/umjetnik.php?id=85\"><br \/><\/a><\/p>\n","protected":false},"excerpt":{"rendered":"<p>Nastupaju:\u00a0\u00a0\u00a0\u00a0\u00a0\u00a0\u00a0\u00a0\u00a0\u00a0\u00a0\u00a0\u00a0\u00a0\u00a0\u00a0\u00a0\u00a0\u00a0\u00a0\u00a0\u00a0\u00a0\u00a0\u00a0\u00a0\u00a0\u00a0\u00a0\u00a0\u00a0\u00a0\u00a0\u00a0\u00a0\u00a0\u00a0\u00a0\u00a0\u00a0\u00a0\u00a0\u00a0\u00a0\u00a0\u00a0\u00a0\u00a0\u00a0\u00a0\u00a0\u00a0\u00a0\u00a0\u00a0\u00a0\u00a0\u00a0\u00a0 Helena Luci\u0107, mezzosopran Ivan Bato\u0161, klavir Caldara, Durante, Paisiello, Brahms, \u0160kerjanec, Hatze, Respighi, Granados, Handel, \u010cajkovski, Peja\u010devi\u0107, Bizet \u00a0 Vi\u0161e o: Helena Luci\u0107<\/p>\n","protected":false},"author":5,"featured_media":49841,"comment_status":"open","ping_status":"closed","sticky":false,"template":"","format":"standard","meta":{"_acf_changed":false,"_editorskit_title_hidden":false,"_editorskit_reading_time":0,"_editorskit_is_block_options_detached":false,"_editorskit_block_options_position":"{}","_gspb_post_css":"","_crdt_document":"","ngg_post_thumbnail":0,"footnotes":""},"categories":[262],"tags":[],"class_list":["post-49842","post","type-post","status-publish","format-standard","has-post-thumbnail","hentry","category-arhiva"],"blocksy_meta":[],"acf":[],"_links":{"self":[{"href":"https:\/\/scenaamadeo.hr\/wordpress\/index.php\/wp-json\/wp\/v2\/posts\/49842","targetHints":{"allow":["GET"]}}],"collection":[{"href":"https:\/\/scenaamadeo.hr\/wordpress\/index.php\/wp-json\/wp\/v2\/posts"}],"about":[{"href":"https:\/\/scenaamadeo.hr\/wordpress\/index.php\/wp-json\/wp\/v2\/types\/post"}],"author":[{"embeddable":true,"href":"https:\/\/scenaamadeo.hr\/wordpress\/index.php\/wp-json\/wp\/v2\/users\/5"}],"replies":[{"embeddable":true,"href":"https:\/\/scenaamadeo.hr\/wordpress\/index.php\/wp-json\/wp\/v2\/comments?post=49842"}],"version-history":[{"count":0,"href":"https:\/\/scenaamadeo.hr\/wordpress\/index.php\/wp-json\/wp\/v2\/posts\/49842\/revisions"}],"wp:featuredmedia":[{"embeddable":true,"href":"https:\/\/scenaamadeo.hr\/wordpress\/index.php\/wp-json\/wp\/v2\/media\/49841"}],"wp:attachment":[{"href":"https:\/\/scenaamadeo.hr\/wordpress\/index.php\/wp-json\/wp\/v2\/media?parent=49842"}],"wp:term":[{"taxonomy":"category","embeddable":true,"href":"https:\/\/scenaamadeo.hr\/wordpress\/index.php\/wp-json\/wp\/v2\/categories?post=49842"},{"taxonomy":"post_tag","embeddable":true,"href":"https:\/\/scenaamadeo.hr\/wordpress\/index.php\/wp-json\/wp\/v2\/tags?post=49842"}],"curies":[{"name":"wp","href":"https:\/\/api.w.org\/{rel}","templated":true}]}}