{"id":49834,"date":"2010-09-18T18:20:50","date_gmt":"2010-09-18T18:20:50","guid":{"rendered":"https:\/\/scenaamadeo.hr\/wordpress\/index.php\/2010\/09\/18\/subota-10-08-2002-koncert-charlie-jurkovic-trio\/"},"modified":"2010-09-18T18:20:50","modified_gmt":"2010-09-18T18:20:50","slug":"subota-10-08-2002-koncert-charlie-jurkovic-trio","status":"publish","type":"post","link":"https:\/\/scenaamadeo.hr\/wordpress\/index.php\/2010\/09\/18\/subota-10-08-2002-koncert-charlie-jurkovic-trio\/","title":{"rendered":"Subota, 10.08. 2002. \/koncert\/ Charlie Jurkovi\u0107 Trio"},"content":{"rendered":"<p><img loading=\"lazy\" decoding=\"async\" class=\" alignleft size-full wp-image-49809\" style=\"margin-right: 40px; float: left;\" alt=\"charlie\" src=\"https:\/\/scenaamadeo.hr\/wordpress\/wp-content\/uploads\/Arhiva2002\/charlie-11a.jpg\" width=\"310\" height=\"233\" srcset=\"https:\/\/scenaamadeo.hr\/wordpress\/wp-content\/uploads\/Arhiva2002\/charlie-11a.jpg 310w, https:\/\/scenaamadeo.hr\/wordpress\/wp-content\/uploads\/Arhiva2002\/charlie-11a-300x225.jpg 300w\" sizes=\"auto, (max-width: 310px) 100vw, 310px\" \/><strong>Nastupaju: \u00a0 \u00a0 \u00a0 \u00a0 \u00a0 \u00a0 \u00a0 \u00a0 \u00a0 \u00a0<\/strong><\/p>\n<p>C. Jurkovi\u0107, gitara<\/p>\n<p>H. Radanovi\u0107, bas<\/p>\n<p>T. Grabu\u0161i\u0107, bubnjevi<\/p>\n<p>\u00a0<\/p>\n<p><strong>Vi\u0161e o:<\/strong><\/p>\n<p><a href=\"http:\/\/www.rirock.com\/rirock-scena\/darko-jurkovic-charlie-trio-jazz-na-kvadrat\/\">Charlie Jurkovi\u0107 Trio<\/a><\/p>\n","protected":false},"excerpt":{"rendered":"<p>Nastupaju: \u00a0 \u00a0 \u00a0 \u00a0 \u00a0 \u00a0 \u00a0 \u00a0 \u00a0 \u00a0 C. Jurkovi\u0107, gitara H. Radanovi\u0107, bas T. Grabu\u0161i\u0107, bubnjevi \u00a0 Vi\u0161e o: Charlie Jurkovi\u0107 Trio<\/p>\n","protected":false},"author":5,"featured_media":49809,"comment_status":"open","ping_status":"closed","sticky":false,"template":"","format":"standard","meta":{"_acf_changed":false,"_editorskit_title_hidden":false,"_editorskit_reading_time":0,"_editorskit_is_block_options_detached":false,"_editorskit_block_options_position":"{}","_gspb_post_css":"","_crdt_document":"","ngg_post_thumbnail":0,"footnotes":""},"categories":[262],"tags":[],"class_list":["post-49834","post","type-post","status-publish","format-standard","has-post-thumbnail","hentry","category-arhiva"],"blocksy_meta":[],"acf":[],"_links":{"self":[{"href":"https:\/\/scenaamadeo.hr\/wordpress\/index.php\/wp-json\/wp\/v2\/posts\/49834","targetHints":{"allow":["GET"]}}],"collection":[{"href":"https:\/\/scenaamadeo.hr\/wordpress\/index.php\/wp-json\/wp\/v2\/posts"}],"about":[{"href":"https:\/\/scenaamadeo.hr\/wordpress\/index.php\/wp-json\/wp\/v2\/types\/post"}],"author":[{"embeddable":true,"href":"https:\/\/scenaamadeo.hr\/wordpress\/index.php\/wp-json\/wp\/v2\/users\/5"}],"replies":[{"embeddable":true,"href":"https:\/\/scenaamadeo.hr\/wordpress\/index.php\/wp-json\/wp\/v2\/comments?post=49834"}],"version-history":[{"count":0,"href":"https:\/\/scenaamadeo.hr\/wordpress\/index.php\/wp-json\/wp\/v2\/posts\/49834\/revisions"}],"wp:featuredmedia":[{"embeddable":true,"href":"https:\/\/scenaamadeo.hr\/wordpress\/index.php\/wp-json\/wp\/v2\/media\/49809"}],"wp:attachment":[{"href":"https:\/\/scenaamadeo.hr\/wordpress\/index.php\/wp-json\/wp\/v2\/media?parent=49834"}],"wp:term":[{"taxonomy":"category","embeddable":true,"href":"https:\/\/scenaamadeo.hr\/wordpress\/index.php\/wp-json\/wp\/v2\/categories?post=49834"},{"taxonomy":"post_tag","embeddable":true,"href":"https:\/\/scenaamadeo.hr\/wordpress\/index.php\/wp-json\/wp\/v2\/tags?post=49834"}],"curies":[{"name":"wp","href":"https:\/\/api.w.org\/{rel}","templated":true}]}}