{"id":49833,"date":"2010-09-18T18:19:39","date_gmt":"2010-09-18T18:19:39","guid":{"rendered":"https:\/\/scenaamadeo.hr\/wordpress\/index.php\/2010\/09\/18\/subota-03-08-2002-cabaret-cabaret-nocas-cu\/"},"modified":"2010-09-18T18:19:39","modified_gmt":"2010-09-18T18:19:39","slug":"subota-03-08-2002-cabaret-cabaret-nocas-cu","status":"publish","type":"post","link":"https:\/\/scenaamadeo.hr\/wordpress\/index.php\/2010\/09\/18\/subota-03-08-2002-cabaret-cabaret-nocas-cu\/","title":{"rendered":"Subota, 03.08.2002. \/cabaret\/ Cabaret \u201eNo\u0107as \u0107u&#8230;\u201c"},"content":{"rendered":"<p><strong><img loading=\"lazy\" decoding=\"async\" class=\" alignleft size-full wp-image-49832\" style=\"margin-right: 40px; float: left;\" alt=\"nocas_cu\" src=\"https:\/\/scenaamadeo.hr\/wordpress\/wp-content\/uploads\/Arhiva2002\/nocas_cu-6c7.jpg\" width=\"310\" height=\"233\" srcset=\"https:\/\/scenaamadeo.hr\/wordpress\/wp-content\/uploads\/Arhiva2002\/nocas_cu-6c7.jpg 310w, https:\/\/scenaamadeo.hr\/wordpress\/wp-content\/uploads\/Arhiva2002\/nocas_cu-6c7-300x225.jpg 300w\" sizes=\"auto, (max-width: 310px) 100vw, 310px\" \/>Nastupaju:<\/strong>\u00a0\u00a0\u00a0\u00a0\u00a0\u00a0\u00a0\u00a0\u00a0\u00a0\u00a0\u00a0\u00a0\u00a0\u00a0\u00a0\u00a0\u00a0\u00a0\u00a0\u00a0<\/p>\n<p>Du\u0161ko Zubalj, klavir<\/p>\n<p>Adam Kon\u010di\u0107, vokal, gluma<\/p>\n<p>\u00a0<\/p>\n<p><strong>Vi\u0161e o:<\/strong><\/p>\n<p><a href=\"http:\/\/www.hnkvz.hr\/index.php?p=detail&#038;article=315\">No\u0107as \u0107u&#8230;<\/a><\/p>\n<p><a href=\"http:\/\/www.hnkvz.hr\/index.php?p=detail&#038;article=298\">Du\u0161ko Zubalj<\/a><\/p>\n<p><a href=\"http:\/\/www.hnkvz.hr\/index.php?p=detail&#038;article=298\">Adam Kon\u010di\u0107<\/a><\/p>\n","protected":false},"excerpt":{"rendered":"<p>Nastupaju:\u00a0\u00a0\u00a0\u00a0\u00a0\u00a0\u00a0\u00a0\u00a0\u00a0\u00a0\u00a0\u00a0\u00a0\u00a0\u00a0\u00a0\u00a0\u00a0\u00a0\u00a0 Du\u0161ko Zubalj, klavir Adam Kon\u010di\u0107, vokal, gluma \u00a0 Vi\u0161e o: No\u0107as \u0107u&#8230; Du\u0161ko Zubalj Adam Kon\u010di\u0107<\/p>\n","protected":false},"author":5,"featured_media":49832,"comment_status":"open","ping_status":"closed","sticky":false,"template":"","format":"standard","meta":{"_acf_changed":false,"_editorskit_title_hidden":false,"_editorskit_reading_time":0,"_editorskit_is_block_options_detached":false,"_editorskit_block_options_position":"{}","_gspb_post_css":"","_crdt_document":"","ngg_post_thumbnail":0,"footnotes":""},"categories":[262],"tags":[],"class_list":["post-49833","post","type-post","status-publish","format-standard","has-post-thumbnail","hentry","category-arhiva"],"blocksy_meta":[],"acf":[],"_links":{"self":[{"href":"https:\/\/scenaamadeo.hr\/wordpress\/index.php\/wp-json\/wp\/v2\/posts\/49833","targetHints":{"allow":["GET"]}}],"collection":[{"href":"https:\/\/scenaamadeo.hr\/wordpress\/index.php\/wp-json\/wp\/v2\/posts"}],"about":[{"href":"https:\/\/scenaamadeo.hr\/wordpress\/index.php\/wp-json\/wp\/v2\/types\/post"}],"author":[{"embeddable":true,"href":"https:\/\/scenaamadeo.hr\/wordpress\/index.php\/wp-json\/wp\/v2\/users\/5"}],"replies":[{"embeddable":true,"href":"https:\/\/scenaamadeo.hr\/wordpress\/index.php\/wp-json\/wp\/v2\/comments?post=49833"}],"version-history":[{"count":0,"href":"https:\/\/scenaamadeo.hr\/wordpress\/index.php\/wp-json\/wp\/v2\/posts\/49833\/revisions"}],"wp:featuredmedia":[{"embeddable":true,"href":"https:\/\/scenaamadeo.hr\/wordpress\/index.php\/wp-json\/wp\/v2\/media\/49832"}],"wp:attachment":[{"href":"https:\/\/scenaamadeo.hr\/wordpress\/index.php\/wp-json\/wp\/v2\/media?parent=49833"}],"wp:term":[{"taxonomy":"category","embeddable":true,"href":"https:\/\/scenaamadeo.hr\/wordpress\/index.php\/wp-json\/wp\/v2\/categories?post=49833"},{"taxonomy":"post_tag","embeddable":true,"href":"https:\/\/scenaamadeo.hr\/wordpress\/index.php\/wp-json\/wp\/v2\/tags?post=49833"}],"curies":[{"name":"wp","href":"https:\/\/api.w.org\/{rel}","templated":true}]}}