{"id":49831,"date":"2010-09-16T10:02:38","date_gmt":"2010-09-16T10:02:38","guid":{"rendered":"https:\/\/scenaamadeo.hr\/wordpress\/index.php\/2010\/09\/16\/petak-02-08-2002-koncert-zagrebacki-gitaristicki-kvartet\/"},"modified":"2010-09-16T10:02:38","modified_gmt":"2010-09-16T10:02:38","slug":"petak-02-08-2002-koncert-zagrebacki-gitaristicki-kvartet","status":"publish","type":"post","link":"https:\/\/scenaamadeo.hr\/wordpress\/index.php\/2010\/09\/16\/petak-02-08-2002-koncert-zagrebacki-gitaristicki-kvartet\/","title":{"rendered":"Petak, 02.08.2002. \/koncert\/ Zagreba\u010dki gitaristi\u010dki kvartet"},"content":{"rendered":"<p class=\"MsoNormal\"><strong><img loading=\"lazy\" decoding=\"async\" class=\" alignleft size-full wp-image-49830\" style=\"margin-right: 40px; float: left;\" alt=\"zagrebacki_gitaristicki_kvartet\" src=\"https:\/\/scenaamadeo.hr\/wordpress\/wp-content\/uploads\/Arhiva2002\/zagrebacki_gitaristicki_kvartet-b1a.jpg\" width=\"310\" height=\"169\" srcset=\"https:\/\/scenaamadeo.hr\/wordpress\/wp-content\/uploads\/Arhiva2002\/zagrebacki_gitaristicki_kvartet-b1a.jpg 310w, https:\/\/scenaamadeo.hr\/wordpress\/wp-content\/uploads\/Arhiva2002\/zagrebacki_gitaristicki_kvartet-b1a-300x164.jpg 300w\" sizes=\"auto, (max-width: 310px) 100vw, 310px\" \/>ZAGREBA\u010cKI GITARISTI\u010cKI KVARTET\u00a0\u00a0\u00a0\u00a0\u00a0\u00a0\u00a0\u00a0 <br \/><\/strong><\/p>\n<p class=\"MsoNormal\">D. Palu\u017ean, M. Pa\u017eulinec, K. Pehar, M. Ivkovi\u0107<\/p>\n<p class=\"MsoNormal\"><em>Seletkovi\u0107, Ginastera, Rodrigo, Piazzola<\/em><\/p>\n<p class=\"MsoNormal\">\u00a0<\/p>\n<p class=\"MsoNormal\"><strong>Vi\u0161e o:<\/strong><\/p>\n<p class=\"MsoNormal\"><a href=\"http:\/\/www.guitar4.com\/\">Zagreba\u010dki gitaristi\u010dki kvartet<\/a><\/p>\n","protected":false},"excerpt":{"rendered":"<p>ZAGREBA\u010cKI GITARISTI\u010cKI KVARTET\u00a0\u00a0\u00a0\u00a0\u00a0\u00a0\u00a0\u00a0 D. Palu\u017ean, M. Pa\u017eulinec, K. Pehar, M. Ivkovi\u0107 Seletkovi\u0107, Ginastera, Rodrigo, Piazzola \u00a0 Vi\u0161e o: Zagreba\u010dki gitaristi\u010dki kvartet<\/p>\n","protected":false},"author":5,"featured_media":49830,"comment_status":"open","ping_status":"closed","sticky":false,"template":"","format":"standard","meta":{"_acf_changed":false,"_editorskit_title_hidden":false,"_editorskit_reading_time":0,"_editorskit_is_block_options_detached":false,"_editorskit_block_options_position":"{}","_gspb_post_css":"","_crdt_document":"","ngg_post_thumbnail":0,"footnotes":""},"categories":[262],"tags":[],"class_list":["post-49831","post","type-post","status-publish","format-standard","has-post-thumbnail","hentry","category-arhiva"],"blocksy_meta":[],"acf":[],"_links":{"self":[{"href":"https:\/\/scenaamadeo.hr\/wordpress\/index.php\/wp-json\/wp\/v2\/posts\/49831","targetHints":{"allow":["GET"]}}],"collection":[{"href":"https:\/\/scenaamadeo.hr\/wordpress\/index.php\/wp-json\/wp\/v2\/posts"}],"about":[{"href":"https:\/\/scenaamadeo.hr\/wordpress\/index.php\/wp-json\/wp\/v2\/types\/post"}],"author":[{"embeddable":true,"href":"https:\/\/scenaamadeo.hr\/wordpress\/index.php\/wp-json\/wp\/v2\/users\/5"}],"replies":[{"embeddable":true,"href":"https:\/\/scenaamadeo.hr\/wordpress\/index.php\/wp-json\/wp\/v2\/comments?post=49831"}],"version-history":[{"count":0,"href":"https:\/\/scenaamadeo.hr\/wordpress\/index.php\/wp-json\/wp\/v2\/posts\/49831\/revisions"}],"wp:featuredmedia":[{"embeddable":true,"href":"https:\/\/scenaamadeo.hr\/wordpress\/index.php\/wp-json\/wp\/v2\/media\/49830"}],"wp:attachment":[{"href":"https:\/\/scenaamadeo.hr\/wordpress\/index.php\/wp-json\/wp\/v2\/media?parent=49831"}],"wp:term":[{"taxonomy":"category","embeddable":true,"href":"https:\/\/scenaamadeo.hr\/wordpress\/index.php\/wp-json\/wp\/v2\/categories?post=49831"},{"taxonomy":"post_tag","embeddable":true,"href":"https:\/\/scenaamadeo.hr\/wordpress\/index.php\/wp-json\/wp\/v2\/tags?post=49831"}],"curies":[{"name":"wp","href":"https:\/\/api.w.org\/{rel}","templated":true}]}}