{"id":49828,"date":"2010-09-15T22:42:33","date_gmt":"2010-09-15T22:42:33","guid":{"rendered":"https:\/\/scenaamadeo.hr\/wordpress\/index.php\/2010\/09\/15\/srijeda-31-07-2002-koncert-ciklus-jazz-koncerata-susret-generacija\/"},"modified":"2010-09-15T22:42:33","modified_gmt":"2010-09-15T22:42:33","slug":"srijeda-31-07-2002-koncert-ciklus-jazz-koncerata-susret-generacija","status":"publish","type":"post","link":"https:\/\/scenaamadeo.hr\/wordpress\/index.php\/2010\/09\/15\/srijeda-31-07-2002-koncert-ciklus-jazz-koncerata-susret-generacija\/","title":{"rendered":"Srijeda, 31.07.2002. \/koncert\/ Ciklus jazz  koncerata \u201eSusret generacija\u201c"},"content":{"rendered":"<p class=\"MsoNormal\"><strong><img loading=\"lazy\" decoding=\"async\" class=\" alignleft size-full wp-image-49827\" style=\"margin-right: 40px; float: left;\" alt=\"fidri\" src=\"https:\/\/scenaamadeo.hr\/wordpress\/wp-content\/uploads\/Arhiva2002\/fidri-736.jpg\" width=\"310\" height=\"232\" srcset=\"https:\/\/scenaamadeo.hr\/wordpress\/wp-content\/uploads\/Arhiva2002\/fidri-736.jpg 310w, https:\/\/scenaamadeo.hr\/wordpress\/wp-content\/uploads\/Arhiva2002\/fidri-736-300x225.jpg 300w\" sizes=\"auto, (max-width: 310px) 100vw, 310px\" \/>Nastupaju: \u00a0 \u00a0 \u00a0 \u00a0 \u00a0 \u00a0 \u00a0 \u00a0 \u00a0 \u00a0 \u00a0 \u00a0 \u00a0 \u00a0 \u00a0 \u00a0 \u00a0 \u00a0 \u00a0<\/strong><\/p>\n<p class=\"MsoNormal\">Ladislav Fidri &#038; Davor Kri\u017ei\u0107, trube<\/p>\n<p class=\"MsoNormal\">Neven Frange\u0161 &#038; Matija Dedi\u0107, klaviri<\/p>\n<p class=\"MsoNormal\">\u00a0<\/p>\n<p class=\"MsoNormal\">Vi\u0161e o:<\/p>\n<p class=\"MsoNormal\"><a href=\"http:\/\/jazz.hr\/glazbenici\/clan_hr.htm?CODE=463\">Ladislav Fidri<\/a><\/p>\n<p class=\"MsoNormal\"><a href=\"http:\/\/davorkrizic.com\/\">Davor Kri\u017ei\u0107<\/a><\/p>\n<p class=\"MsoNormal\"><a href=\"http:\/\/www.dubrovnik-festival.hr\/article3622\">Neven Frange\u0161<\/a><\/p>\n<p class=\"MsoNormal\"><a href=\"http:\/\/www.matijadedic.com\/\">Matija Dedi\u0107<\/a><\/p>\n","protected":false},"excerpt":{"rendered":"<p>Nastupaju: \u00a0 \u00a0 \u00a0 \u00a0 \u00a0 \u00a0 \u00a0 \u00a0 \u00a0 \u00a0 \u00a0 \u00a0 \u00a0 \u00a0 \u00a0 \u00a0 \u00a0 \u00a0 \u00a0 Ladislav Fidri &#038; Davor Kri\u017ei\u0107, trube Neven Frange\u0161 &#038; Matija Dedi\u0107, klaviri \u00a0 Vi\u0161e o: Ladislav Fidri Davor Kri\u017ei\u0107 Neven Frange\u0161 Matija Dedi\u0107<\/p>\n","protected":false},"author":5,"featured_media":49827,"comment_status":"open","ping_status":"closed","sticky":false,"template":"","format":"standard","meta":{"_acf_changed":false,"_editorskit_title_hidden":false,"_editorskit_reading_time":0,"_editorskit_is_block_options_detached":false,"_editorskit_block_options_position":"{}","_gspb_post_css":"","_crdt_document":"","ngg_post_thumbnail":0,"footnotes":""},"categories":[262],"tags":[],"class_list":["post-49828","post","type-post","status-publish","format-standard","has-post-thumbnail","hentry","category-arhiva"],"blocksy_meta":[],"acf":[],"_links":{"self":[{"href":"https:\/\/scenaamadeo.hr\/wordpress\/index.php\/wp-json\/wp\/v2\/posts\/49828","targetHints":{"allow":["GET"]}}],"collection":[{"href":"https:\/\/scenaamadeo.hr\/wordpress\/index.php\/wp-json\/wp\/v2\/posts"}],"about":[{"href":"https:\/\/scenaamadeo.hr\/wordpress\/index.php\/wp-json\/wp\/v2\/types\/post"}],"author":[{"embeddable":true,"href":"https:\/\/scenaamadeo.hr\/wordpress\/index.php\/wp-json\/wp\/v2\/users\/5"}],"replies":[{"embeddable":true,"href":"https:\/\/scenaamadeo.hr\/wordpress\/index.php\/wp-json\/wp\/v2\/comments?post=49828"}],"version-history":[{"count":0,"href":"https:\/\/scenaamadeo.hr\/wordpress\/index.php\/wp-json\/wp\/v2\/posts\/49828\/revisions"}],"wp:featuredmedia":[{"embeddable":true,"href":"https:\/\/scenaamadeo.hr\/wordpress\/index.php\/wp-json\/wp\/v2\/media\/49827"}],"wp:attachment":[{"href":"https:\/\/scenaamadeo.hr\/wordpress\/index.php\/wp-json\/wp\/v2\/media?parent=49828"}],"wp:term":[{"taxonomy":"category","embeddable":true,"href":"https:\/\/scenaamadeo.hr\/wordpress\/index.php\/wp-json\/wp\/v2\/categories?post=49828"},{"taxonomy":"post_tag","embeddable":true,"href":"https:\/\/scenaamadeo.hr\/wordpress\/index.php\/wp-json\/wp\/v2\/tags?post=49828"}],"curies":[{"name":"wp","href":"https:\/\/api.w.org\/{rel}","templated":true}]}}