{"id":49568,"date":"2011-05-08T15:42:46","date_gmt":"2011-05-08T15:42:46","guid":{"rendered":"https:\/\/scenaamadeo.hr\/wordpress\/index.php\/2011\/05\/08\/srijeda-06-07-2011-21-00-predstava-thomas-bernhard-jednostavno-komplicirano-premijera\/"},"modified":"2011-05-08T15:42:46","modified_gmt":"2011-05-08T15:42:46","slug":"srijeda-06-07-2011-21-00-predstava-thomas-bernhard-jednostavno-komplicirano-premijera","status":"publish","type":"post","link":"https:\/\/scenaamadeo.hr\/wordpress\/index.php\/2011\/05\/08\/srijeda-06-07-2011-21-00-predstava-thomas-bernhard-jednostavno-komplicirano-premijera\/","title":{"rendered":"Srijeda, 06.07.2011. \/ 21:00 \/ predstava \/ Thomas Bernhard: Jednostavno komplicirano \/ Premijera"},"content":{"rendered":"<p><img loading=\"lazy\" decoding=\"async\" class=\" alignleft size-full wp-image-49567\" src=\"https:\/\/scenaamadeo.hr\/wordpress\/wp-content\/uploads\/arhiva2011\/jednostavnokomplicirano-46b.jpg\" alt=\"jednostavnokomplicirano\" style=\"margin-bottom: 270px; margin-right: 40px; float: left;\" height=\"206\" width=\"310\" srcset=\"https:\/\/scenaamadeo.hr\/wordpress\/wp-content\/uploads\/arhiva2011\/jednostavnokomplicirano-46b.jpg 310w, https:\/\/scenaamadeo.hr\/wordpress\/wp-content\/uploads\/arhiva2011\/jednostavnokomplicirano-46b-300x199.jpg 300w\" sizes=\"auto, (max-width: 310px) 100vw, 310px\" \/><span style=\"color: #000000;\"><span style=\"font-family: Arial;\">Thomas Bernhard: Jednostavno komplicirano\u00a0\u00a0\u00a0\u00a0\u00a0\u00a0\u00a0\u00a0\u00a0\u00a0\u00a0\u00a0\u00a0\u00a0\u00a0\u00a0\u00a0\u00a0\u00a0\u00a0\u00a0\u00a0\u00a0\u00a0\u00a0\u00a0\u00a0\u00a0\u00a0\u00a0\u00a0\u00a0\u00a0\u00a0\u00a0 <br \/><\/span><\/span><\/p>\n<p><span style=\"color: #000000;\"><span style=\"font-family: Arial;\"><br \/><\/span><\/span><\/p>\n<p><span style=\"color: #000000;\">P R E M I J E R A <\/span><\/p>\n<p class=\"yiv1315131919msonormal\" style=\"margin: 0cm 0cm 0pt; text-align: justify;\"><span style=\"color: #000000;\">\u00a0<\/span><\/p>\n<p class=\"yiv1315131919msonormal\" style=\"margin: 0cm 0cm 0pt; text-align: justify;\"><span style=\"color: black;\">Prvak Drame zagreba\u010dkog HNK u tragikomi\u010dnoj ulozi starog kazali\u0161nog klauna u komadu jednog od klasika 20. stolje\u0107a.<\/span><span style=\"color: black; font-size: 9pt;\"> <\/span><span style=\"color: black;\">Povodom osamdesete godi\u0161njice ro\u0111enja Thomasa Bernharda prikazujemo Vam jedan od njegovih dramskih vrhunaca \u2013 \u00abJednostavno komplicirano\u00bb.<\/span><span style=\"color: black; font-size: 9pt;\"> <\/span><\/p>\n<p><span style=\"color: #000000; font-size: small;\">\u00a0<\/span><span style=\"color: black;\">Dragocjena minijatura me\u0111u Bernhardovim dramama, balansira izme\u0111u komedije i tragedije, izme\u0111u ludila i spoznaje, izme\u0111u samo\u0107e i megalomije. Za kazali\u0161nog majstora ova drama predstavlja nepresu\u0161no vrelo gluma\u010dkih mogu\u0107nosti. <\/span><span style=\"color: black; font-size: 9pt;\">\u00a0<\/span><\/p>\n<p><span style=\"color: #000000; font-family: Times New Roman; font-size: small;\">\u00a0<\/span><\/p>\n<p><span style=\"color: #000000;\">Glumi: \u017darko Poto\u010dnjak <\/span><\/p>\n<p><span style=\"color: #000000;\">Re\u017eija: Svetlana Patafta<\/span><\/p>\n<p><span style=\"color: #000000;\">Producent i dramaturg: Pavo Marinkovi\u0107<\/span><\/p>\n<p><span style=\"color: #000000;\">Produkcija Mitropa u suradnji sa Scenom Amadeo i Austrijskim kulturnim forumom.<\/span><\/p>\n<p><span style=\"color: #000000;\">\u00a0<\/span><\/p>\n<p><span style=\"font-family: arial,helvetica,sans-serif; color: #000000;\">U slu\u010daju ki\u0161e program se ne\u0107e odr\u017eati.<\/span><\/p>\n<p>\u00a0<\/p>\n<p><span style=\"font-family: arial,helvetica,sans-serif; color: #000000;\">Vi\u0161e o:<\/span><\/p>\n<p><span style=\"font-family: arial,helvetica,sans-serif; color: #000000;\"><a href=\"http:\/\/hr.wikipedia.org\/wiki\/%C5%BDarko_Poto%C4%8Dnjak\">\u017darko Poto\u010dnjak<\/a><\/span><\/p>\n<p><span style=\"font-family: arial,helvetica,sans-serif; color: #000000;\"><a href=\"http:\/\/www.skdprosvjeta.com\/page.php?id=59\">Svetlana Patafta<\/a><\/span><\/p>\n","protected":false},"excerpt":{"rendered":"<p>Thomas Bernhard: Jednostavno komplicirano\u00a0\u00a0\u00a0\u00a0\u00a0\u00a0\u00a0\u00a0\u00a0\u00a0\u00a0\u00a0\u00a0\u00a0\u00a0\u00a0\u00a0\u00a0\u00a0\u00a0\u00a0\u00a0\u00a0\u00a0\u00a0\u00a0\u00a0\u00a0\u00a0\u00a0\u00a0\u00a0\u00a0\u00a0\u00a0 P R E M I J E R A \u00a0 Prvak Drame zagreba\u010dkog HNK u tragikomi\u010dnoj ulozi starog kazali\u0161nog klauna u komadu jednog od klasika 20. stolje\u0107a. Povodom osamdesete godi\u0161njice ro\u0111enja Thomasa Bernharda prikazujemo Vam jedan od njegovih dramskih vrhunaca \u2013 \u00abJednostavno komplicirano\u00bb. \u00a0Dragocjena minijatura me\u0111u Bernhardovim dramama, balansira izme\u0111u komedije [&hellip;]<\/p>\n","protected":false},"author":5,"featured_media":49567,"comment_status":"open","ping_status":"closed","sticky":false,"template":"","format":"standard","meta":{"_acf_changed":false,"_editorskit_title_hidden":false,"_editorskit_reading_time":0,"_editorskit_is_block_options_detached":false,"_editorskit_block_options_position":"{}","_gspb_post_css":"","_crdt_document":"","ngg_post_thumbnail":0,"footnotes":""},"categories":[262],"tags":[],"class_list":["post-49568","post","type-post","status-publish","format-standard","has-post-thumbnail","hentry","category-arhiva"],"blocksy_meta":[],"acf":[],"_links":{"self":[{"href":"https:\/\/scenaamadeo.hr\/wordpress\/index.php\/wp-json\/wp\/v2\/posts\/49568","targetHints":{"allow":["GET"]}}],"collection":[{"href":"https:\/\/scenaamadeo.hr\/wordpress\/index.php\/wp-json\/wp\/v2\/posts"}],"about":[{"href":"https:\/\/scenaamadeo.hr\/wordpress\/index.php\/wp-json\/wp\/v2\/types\/post"}],"author":[{"embeddable":true,"href":"https:\/\/scenaamadeo.hr\/wordpress\/index.php\/wp-json\/wp\/v2\/users\/5"}],"replies":[{"embeddable":true,"href":"https:\/\/scenaamadeo.hr\/wordpress\/index.php\/wp-json\/wp\/v2\/comments?post=49568"}],"version-history":[{"count":0,"href":"https:\/\/scenaamadeo.hr\/wordpress\/index.php\/wp-json\/wp\/v2\/posts\/49568\/revisions"}],"wp:featuredmedia":[{"embeddable":true,"href":"https:\/\/scenaamadeo.hr\/wordpress\/index.php\/wp-json\/wp\/v2\/media\/49567"}],"wp:attachment":[{"href":"https:\/\/scenaamadeo.hr\/wordpress\/index.php\/wp-json\/wp\/v2\/media?parent=49568"}],"wp:term":[{"taxonomy":"category","embeddable":true,"href":"https:\/\/scenaamadeo.hr\/wordpress\/index.php\/wp-json\/wp\/v2\/categories?post=49568"},{"taxonomy":"post_tag","embeddable":true,"href":"https:\/\/scenaamadeo.hr\/wordpress\/index.php\/wp-json\/wp\/v2\/tags?post=49568"}],"curies":[{"name":"wp","href":"https:\/\/api.w.org\/{rel}","templated":true}]}}