{"id":49543,"date":"2011-08-03T11:04:19","date_gmt":"2011-08-03T11:04:19","guid":{"rendered":"https:\/\/scenaamadeo.hr\/wordpress\/index.php\/2011\/08\/03\/subota-16-07-2011-koncert-tamara-coha-mandic-flauta-i-dijana-grubisic-cikovic-harfa\/"},"modified":"2011-08-03T11:04:19","modified_gmt":"2011-08-03T11:04:19","slug":"subota-16-07-2011-koncert-tamara-coha-mandic-flauta-i-dijana-grubisic-cikovic-harfa","status":"publish","type":"post","link":"https:\/\/scenaamadeo.hr\/wordpress\/index.php\/2011\/08\/03\/subota-16-07-2011-koncert-tamara-coha-mandic-flauta-i-dijana-grubisic-cikovic-harfa\/","title":{"rendered":"Subota, 16.07.2011. \/ koncert \/ Tamara Coha Mandi\u0107, flauta i Dijana Grubi\u0161i\u0107 \u0106ikovi\u0107, harfa"},"content":{"rendered":"<pre>{gallery}slike\/2011\/Coha_Grubisic{\/gallery}<\/pre>\n","protected":false},"excerpt":{"rendered":"<p>{gallery}slike\/2011\/Coha_Grubisic{\/gallery}<\/p>\n","protected":false},"author":5,"featured_media":0,"comment_status":"open","ping_status":"closed","sticky":false,"template":"","format":"standard","meta":{"_acf_changed":false,"_editorskit_title_hidden":false,"_editorskit_reading_time":0,"_editorskit_is_block_options_detached":false,"_editorskit_block_options_position":"{}","_gspb_post_css":"","_crdt_document":"","ngg_post_thumbnail":0,"footnotes":""},"categories":[299],"tags":[],"class_list":["post-49543","post","type-post","status-publish","format-standard","hentry","category-fotografije-2011-2"],"blocksy_meta":[],"acf":[],"_links":{"self":[{"href":"https:\/\/scenaamadeo.hr\/wordpress\/index.php\/wp-json\/wp\/v2\/posts\/49543","targetHints":{"allow":["GET"]}}],"collection":[{"href":"https:\/\/scenaamadeo.hr\/wordpress\/index.php\/wp-json\/wp\/v2\/posts"}],"about":[{"href":"https:\/\/scenaamadeo.hr\/wordpress\/index.php\/wp-json\/wp\/v2\/types\/post"}],"author":[{"embeddable":true,"href":"https:\/\/scenaamadeo.hr\/wordpress\/index.php\/wp-json\/wp\/v2\/users\/5"}],"replies":[{"embeddable":true,"href":"https:\/\/scenaamadeo.hr\/wordpress\/index.php\/wp-json\/wp\/v2\/comments?post=49543"}],"version-history":[{"count":0,"href":"https:\/\/scenaamadeo.hr\/wordpress\/index.php\/wp-json\/wp\/v2\/posts\/49543\/revisions"}],"wp:attachment":[{"href":"https:\/\/scenaamadeo.hr\/wordpress\/index.php\/wp-json\/wp\/v2\/media?parent=49543"}],"wp:term":[{"taxonomy":"category","embeddable":true,"href":"https:\/\/scenaamadeo.hr\/wordpress\/index.php\/wp-json\/wp\/v2\/categories?post=49543"},{"taxonomy":"post_tag","embeddable":true,"href":"https:\/\/scenaamadeo.hr\/wordpress\/index.php\/wp-json\/wp\/v2\/tags?post=49543"}],"curies":[{"name":"wp","href":"https:\/\/api.w.org\/{rel}","templated":true}]}}