{"id":49502,"date":"2011-01-11T16:33:35","date_gmt":"2011-01-11T16:33:35","guid":{"rendered":"https:\/\/scenaamadeo.hr\/wordpress\/index.php\/2011\/01\/11\/subota-15-07-2006-koncert-miroslav-evacic-cardas-blues\/"},"modified":"2011-01-11T16:33:35","modified_gmt":"2011-01-11T16:33:35","slug":"subota-15-07-2006-koncert-miroslav-evacic-cardas-blues","status":"publish","type":"post","link":"https:\/\/scenaamadeo.hr\/wordpress\/index.php\/2011\/01\/11\/subota-15-07-2006-koncert-miroslav-evacic-cardas-blues\/","title":{"rendered":"Subota, 15.07.2006. \/koncert\/ Miroslav Eva\u010di\u0107: \u010carda\u0161 blues"},"content":{"rendered":"<p>{gallery}slike\/2006\/15.07.06_Evacic{\/gallery}<\/p>\n","protected":false},"excerpt":{"rendered":"<p>{gallery}slike\/2006\/15.07.06_Evacic{\/gallery}<\/p>\n","protected":false},"author":5,"featured_media":0,"comment_status":"open","ping_status":"closed","sticky":false,"template":"","format":"standard","meta":{"_acf_changed":false,"_editorskit_title_hidden":false,"_editorskit_reading_time":0,"_editorskit_is_block_options_detached":false,"_editorskit_block_options_position":"{}","_gspb_post_css":"","_crdt_document":"","ngg_post_thumbnail":0,"footnotes":""},"categories":[297],"tags":[],"class_list":["post-49502","post","type-post","status-publish","format-standard","hentry","category-fotografije-2006-2"],"blocksy_meta":[],"acf":[],"_links":{"self":[{"href":"https:\/\/scenaamadeo.hr\/wordpress\/index.php\/wp-json\/wp\/v2\/posts\/49502","targetHints":{"allow":["GET"]}}],"collection":[{"href":"https:\/\/scenaamadeo.hr\/wordpress\/index.php\/wp-json\/wp\/v2\/posts"}],"about":[{"href":"https:\/\/scenaamadeo.hr\/wordpress\/index.php\/wp-json\/wp\/v2\/types\/post"}],"author":[{"embeddable":true,"href":"https:\/\/scenaamadeo.hr\/wordpress\/index.php\/wp-json\/wp\/v2\/users\/5"}],"replies":[{"embeddable":true,"href":"https:\/\/scenaamadeo.hr\/wordpress\/index.php\/wp-json\/wp\/v2\/comments?post=49502"}],"version-history":[{"count":0,"href":"https:\/\/scenaamadeo.hr\/wordpress\/index.php\/wp-json\/wp\/v2\/posts\/49502\/revisions"}],"wp:attachment":[{"href":"https:\/\/scenaamadeo.hr\/wordpress\/index.php\/wp-json\/wp\/v2\/media?parent=49502"}],"wp:term":[{"taxonomy":"category","embeddable":true,"href":"https:\/\/scenaamadeo.hr\/wordpress\/index.php\/wp-json\/wp\/v2\/categories?post=49502"},{"taxonomy":"post_tag","embeddable":true,"href":"https:\/\/scenaamadeo.hr\/wordpress\/index.php\/wp-json\/wp\/v2\/tags?post=49502"}],"curies":[{"name":"wp","href":"https:\/\/api.w.org\/{rel}","templated":true}]}}