{"id":49453,"date":"2011-01-11T16:50:17","date_gmt":"2011-01-11T16:50:17","guid":{"rendered":"https:\/\/scenaamadeo.hr\/wordpress\/index.php\/2011\/01\/11\/nedjelja-13-07-2008-koncert-aneta-ilic-borislav-cicovacki-lidija-stankovic-srdjan-sretenovic\/"},"modified":"2011-01-11T16:50:17","modified_gmt":"2011-01-11T16:50:17","slug":"nedjelja-13-07-2008-koncert-aneta-ilic-borislav-cicovacki-lidija-stankovic-srdjan-sretenovic","status":"publish","type":"post","link":"https:\/\/scenaamadeo.hr\/wordpress\/index.php\/2011\/01\/11\/nedjelja-13-07-2008-koncert-aneta-ilic-borislav-cicovacki-lidija-stankovic-srdjan-sretenovic\/","title":{"rendered":"Nedjelja, 13.07.2008. \/koncert\/  Aneta Ili\u0107; Borislav \u010ci\u010dova\u010dki; Lidija Stankovi\u0107; Srdjan Sretenovi\u0107"},"content":{"rendered":"<p>{gallery}slike\/2008\/13.07.08_Ilic_i_drugi{\/gallery}<\/p>\n","protected":false},"excerpt":{"rendered":"<p>{gallery}slike\/2008\/13.07.08_Ilic_i_drugi{\/gallery}<\/p>\n","protected":false},"author":5,"featured_media":0,"comment_status":"open","ping_status":"closed","sticky":false,"template":"","format":"standard","meta":{"_acf_changed":false,"_editorskit_title_hidden":false,"_editorskit_reading_time":0,"_editorskit_is_block_options_detached":false,"_editorskit_block_options_position":"{}","_gspb_post_css":"","_crdt_document":"","ngg_post_thumbnail":0,"footnotes":""},"categories":[295],"tags":[],"class_list":["post-49453","post","type-post","status-publish","format-standard","hentry","category-fotografije-2008-2"],"blocksy_meta":[],"acf":[],"_links":{"self":[{"href":"https:\/\/scenaamadeo.hr\/wordpress\/index.php\/wp-json\/wp\/v2\/posts\/49453","targetHints":{"allow":["GET"]}}],"collection":[{"href":"https:\/\/scenaamadeo.hr\/wordpress\/index.php\/wp-json\/wp\/v2\/posts"}],"about":[{"href":"https:\/\/scenaamadeo.hr\/wordpress\/index.php\/wp-json\/wp\/v2\/types\/post"}],"author":[{"embeddable":true,"href":"https:\/\/scenaamadeo.hr\/wordpress\/index.php\/wp-json\/wp\/v2\/users\/5"}],"replies":[{"embeddable":true,"href":"https:\/\/scenaamadeo.hr\/wordpress\/index.php\/wp-json\/wp\/v2\/comments?post=49453"}],"version-history":[{"count":0,"href":"https:\/\/scenaamadeo.hr\/wordpress\/index.php\/wp-json\/wp\/v2\/posts\/49453\/revisions"}],"wp:attachment":[{"href":"https:\/\/scenaamadeo.hr\/wordpress\/index.php\/wp-json\/wp\/v2\/media?parent=49453"}],"wp:term":[{"taxonomy":"category","embeddable":true,"href":"https:\/\/scenaamadeo.hr\/wordpress\/index.php\/wp-json\/wp\/v2\/categories?post=49453"},{"taxonomy":"post_tag","embeddable":true,"href":"https:\/\/scenaamadeo.hr\/wordpress\/index.php\/wp-json\/wp\/v2\/tags?post=49453"}],"curies":[{"name":"wp","href":"https:\/\/api.w.org\/{rel}","templated":true}]}}