{"id":289,"count":5,"description":"<p style=\"margin-bottom: 0.0001pt;\"><img class=\" size-full wp-image-49345\" src=\"https:\/\/scenaamadeo.hr\/wordpress\/wp-content\/uploads\/EUTERPE\/EUTERPE-LOGO-ALL-e5c.jpg\" alt=\"EUTERPE LOGO ALL\" width=\"750\" height=\"103\" style=\"display: block; margin-left: auto; margin-right: auto;\" \/><\/p>\n\n<p style=\"margin-bottom: 0.0001pt; text-align: justify;\">\u00a0<\/p>\n\n<p style=\"margin-bottom: 0.0001pt; text-align: justify;\"><strong><span style=\"font-size: 10pt; font-family: Arial, sans-serif; color: black;\">EUropean Traditions in cultural hERitage and Performances (EU.T.ER.PE)<\/span><\/strong><\/p>\n\n<p style=\"margin-bottom: 0.0001pt; text-align: justify;\">\u00a0<\/p>\n\n<p style=\"margin-bottom: 0.0001pt; text-align: justify;\"><span style=\"font-size: 10pt; font-family: Arial, sans-serif; color: black;\">Scena Amadeo, u partnerstvu s Association Adriatico Mediterraneo iz Italije (koordinator projekta), Ring Ring iz Srbije, i Day After iz Gr\u010dke, sura\u0111uje na programu \u201eEUropean Traditions in cultural hERitage and Performances (EU.T.ER.PE)\u201c. Projekt se odr\u017eava u periodu od <\/span><span style=\"font-size: 10pt; font-family: Arial, sans-serif; color: black;\">01.09.2014. do 31.10.2015, te<\/span><span style=\"font-size: 10pt; font-family: Arial, sans-serif; color: black;\"> je sufinanciran od strane Europske unije kroz program Creative Europe.<\/span><span style=\"color: black; font-family: Arial, sans-serif; font-size: 10pt; background-color: transparent;\"><\/span><\/p>\n\n<p style=\"margin-bottom: 0.0001pt; text-align: justify;\">\u00a0<\/p>\n\n<p style=\"margin-bottom: 0.0001pt; text-align: justify;\"><span style=\"font-size: 10pt; font-family: Arial, sans-serif; color: black;\">Cilj EU.T.ER.PE projekta povezan je s ciljevima i prioritetima Europske Unije u smislu osna\u017eivanja kulturnog sektora sa ciljem me\u0111unarodne suradnje unutar Europske Unije. Projekt je posebice usmjeren na tradicionalne instrumente iz zemalja partnera. <\/span><\/p>\n\n<p style=\"margin-bottom: 0.0001pt; text-align: justify;\">\u00a0<\/p>\n\n<p style=\"margin-bottom: 0.0001pt; text-align: justify;\"><span style=\"font-size: 10pt; font-family: Arial, sans-serif; color: black;\">Aktivnosti projekta orijentirane su oko glavnog doga\u0111aja u kojem \u0107e lokalni etno sastav u suradnji sa \u010detiri solista iz zemalja partnera i drugih zemalja EU na koncertu u svakoj zemlji \u010dlanici predstaviti izabrane tradicionalne instrumente. Hrvatska \u0107e strana predstaviti slavonske gajde i lijericu, Italija harmoniku i tamburin, Srbija tamburicu i kaval, Gr\u010dka lutnju i liru. <\/span><\/p>\n\n<p style=\"margin-bottom: 0.0001pt; text-align: justify;\">\u00a0<\/p>\n\n<p style=\"margin-bottom: 0.0001pt; text-align: justify;\"><span style=\"font-size: 10pt; font-family: Arial, sans-serif; color: black;\">Svaka zemlja \u010dlanica programa je tako\u0111er zadu\u017eena organizirati tematske radionice u osnovnim \u0161kolama, masterclass radionicu sa studentima Muzi\u010dke akademije, te kratke uli\u010dne koncerte na kojima \u0107e se instrumenti predstaviti \u0161iroj javnosti. Projekt \u0107e kulminirati trodnevnim doga\u0111ajem u Anconi, na kojem je predvi\u0111eno sudjelovanje do osam osoba iz javnog i privatnog kulturnog menad\u017ementa svake zemlje \u010dlanice.<\/span><\/p>\n\n<p style=\"margin-bottom: 0.0001pt; text-align: justify;\">\u00a0<\/p>\n\n<p style=\"margin-bottom: 0.0001pt; text-align: justify;\"><strong><span style=\"font-size: 10pt; font-family: Arial, sans-serif; color: black;\">POZIV ZA GLAZBENIKE ZA KONCERT EU.T.ER.PE U GR\u010cKOJ MO\u017dETE PRONA\u0106I <a href=\"https:\/\/scenaamadeo.hr\/wordpress\/wp-content\/uploads\/EUTERPE\/CALL_FOR_MUSICIANS_gr-ac5.pdf\">OVDJE<\/a>!<\/span><\/strong><\/p>","link":"https:\/\/scenaamadeo.hr\/wordpress\/index.php\/category\/eu-t-er-pe\/","name":"EU.T.ER.PE","slug":"eu-t-er-pe","taxonomy":"category","parent":0,"meta":[],"acf":[],"_links":{"self":[{"href":"https:\/\/scenaamadeo.hr\/wordpress\/index.php\/wp-json\/wp\/v2\/categories\/289","targetHints":{"allow":["GET"]}}],"collection":[{"href":"https:\/\/scenaamadeo.hr\/wordpress\/index.php\/wp-json\/wp\/v2\/categories"}],"about":[{"href":"https:\/\/scenaamadeo.hr\/wordpress\/index.php\/wp-json\/wp\/v2\/taxonomies\/category"}],"wp:post_type":[{"href":"https:\/\/scenaamadeo.hr\/wordpress\/index.php\/wp-json\/wp\/v2\/posts?categories=289"},{"href":"https:\/\/scenaamadeo.hr\/wordpress\/index.php\/wp-json\/wp\/v2\/media?categories=289"},{"href":"https:\/\/scenaamadeo.hr\/wordpress\/index.php\/wp-json\/wp\/v2\/pages?categories=289"}],"curies":[{"name":"wp","href":"https:\/\/api.w.org\/{rel}","templated":true}]}}